{"id":607,"date":"2022-06-13T20:38:56","date_gmt":"2022-06-13T20:38:56","guid":{"rendered":"https:\/\/novo.dec-kroatio.hr\/?p=607"},"modified":"2022-06-13T20:42:18","modified_gmt":"2022-06-13T20:42:18","slug":"francuski-esperantist-posjetio-dec","status":"publish","type":"post","link":"https:\/\/novo.dec-kroatio.hr\/hr\/2022\/06\/13\/francuski-esperantist-posjetio-dec\/","title":{"rendered":"Francuski esperantist posjetio DEC"},"content":{"rendered":"\n\n\nMladi francuski esperantist Gabin Forcier iz Nantesa na svom putovnju Europom posjetio je\r\nDEC od 5. do 8. svibnja 2022. Tijekom svog boravka upoznao se s djelovanjem DEC-a kao\r\nesperantske i arhivske institucije te je obi\u0161ao Koprivnicu, \u0110ur\u0111evac i okolna sela, uklju\u010duju\u0107i i\r\nspomenplo\u010du esperantisti Iliji Puhalu u Bregima. Svoje putovanje nastavio je kroz Srbiju.\n\n\n\n\n\n\n\n\n","protected":false},"excerpt":{"rendered":"","protected":false},"author":1,"featured_media":0,"comment_status":"open","ping_status":"open","sticky":false,"template":"","format":"standard","meta":[],"categories":[24],"tags":[],"_links":{"self":[{"href":"https:\/\/novo.dec-kroatio.hr\/hr\/wp-json\/wp\/v2\/posts\/607"}],"collection":[{"href":"https:\/\/novo.dec-kroatio.hr\/hr\/wp-json\/wp\/v2\/posts"}],"about":[{"href":"https:\/\/novo.dec-kroatio.hr\/hr\/wp-json\/wp\/v2\/types\/post"}],"author":[{"embeddable":true,"href":"https:\/\/novo.dec-kroatio.hr\/hr\/wp-json\/wp\/v2\/users\/1"}],"replies":[{"embeddable":true,"href":"https:\/\/novo.dec-kroatio.hr\/hr\/wp-json\/wp\/v2\/comments?post=607"}],"version-history":[{"count":2,"href":"https:\/\/novo.dec-kroatio.hr\/hr\/wp-json\/wp\/v2\/posts\/607\/revisions"}],"predecessor-version":[{"id":610,"href":"https:\/\/novo.dec-kroatio.hr\/hr\/wp-json\/wp\/v2\/posts\/607\/revisions\/610"}],"wp:attachment":[{"href":"https:\/\/novo.dec-kroatio.hr\/hr\/wp-json\/wp\/v2\/media?parent=607"}],"wp:term":[{"taxonomy":"category","embeddable":true,"href":"https:\/\/novo.dec-kroatio.hr\/hr\/wp-json\/wp\/v2\/categories?post=607"},{"taxonomy":"post_tag","embeddable":true,"href":"https:\/\/novo.dec-kroatio.hr\/hr\/wp-json\/wp\/v2\/tags?post=607"}],"curies":[{"name":"wp","href":"https:\/\/api.w.org\/{rel}","templated":true}]}}