{"id":1661,"date":"2024-07-02T06:01:52","date_gmt":"2024-07-02T06:01:52","guid":{"rendered":"https:\/\/novo.dec-kroatio.hr\/?p=629"},"modified":"2024-07-02T10:10:40","modified_gmt":"2024-07-02T10:10:40","slug":"dvanaesti-kongres-hrvatskih-esperantista-odrzan-u-prvic-luci","status":"publish","type":"post","link":"https:\/\/novo.dec-kroatio.hr\/hr\/2024\/07\/02\/dvanaesti-kongres-hrvatskih-esperantista-odrzan-u-prvic-luci\/","title":{"rendered":"Dvanaesti kongres hrvatskih esperantista odr\u017ean u Prvi\u0107 Luci"},"content":{"rendered":"\n\n\n<p><span style=\"white-space: normal;\"><span style=\"white-space:pre\">\t<\/span>Prvi u nizu od pet kongresa hrvatskih esperantista, za organizaciju kojih je Dokumentacijski esperantski centar iz \u0110ur\u0111evca 2023. godine dobio koncesiju Hrvatskog saveza za esperanto, odr\u017ean je u Prvi\u0107 Luci na otoku Prvi\u0107u pored \u0160ibenika od 21. do 28. lipnja 2024. godine. Ovaj skup je po svim karakteristikama bio druga\u010diji od ranijih kongresa. Po prvi puta je odr\u017ean u Dalmaciji, a umjesto uobi\u010dajena tri dana trajao je sedam dana te je imao le\u017eerniji karakter.&nbsp;<\/span><\/p><br><p><span style=\"white-space: normal;\"><span style=\"white-space:pre\">\t<\/span>Kongres je odr\u017ean u hostelu Odmarali\u0161ta Po\u017eega, koji je u odnosu na ranije skupove bio ne\u0161to skromniji u pogledu usluga, ali je zadovoljio ve\u0107inu na\u0161ih potreba tako da se ve\u0107 raspravlja mogu\u0107nost organiziranja esperantskih skupova i u narednim godinama na istom mjestu.<\/span><\/p><br><p><span style=\"white-space: normal;\"><span style=\"white-space:pre\">\t<\/span>Ve\u0107ina od prijavljenih 85 sudionika na otok je stigla organiziranim prijevozom, \u0161to je za dobar dio sudionikia i bio jedan od glavnih poticaja za dolazak. Naime, javnim prijevozom dolazak na otok je ote\u017ean i dugotrajan pa se ve\u0107ina ipak odlu\u010dila za organizirani prijevoz. Iako je broj sudionika bio za tre\u0107inu manji od uobi\u010dajenoga, uzimaju\u0107i u obzir sve ote\u017eavaju\u0107e okolnosti, organizatori kongresa ne mogu biti nezadovoljni rezultatima. Osobito raduje dolazak vi\u0161e stranaca, od kojih su najbrojniji bili Ma\u0111ari (14), \u0161to se pripisuje sustavnoj suradnji s Ma\u0111arskim esperantskim savezom temeljem davno potpisanoga sporazuma o suradnji i reklamiranju kongresa na proslavi Zamenhofovog dana u prosincu pro\u0161le godine u Budimpe\u0161ti. Od ostalih zemalja bile su zastupljene Austrija (1), Burundi (1), Poljska (1), Slovenija (1), Kanada (1), Litva (1), Italija (1) i Velika Britanija (2).<\/span><\/p><br><p><span style=\"white-space: normal;\"><span style=\"white-space:pre\">\t<\/span>U slu\u017ebenom dijelu programa Hrvatski savez za esperanto odr\u017eao je svoju godi\u0161nju skup\u0161tinu 24. lipnja, a tijekom kongresa organiziran je i intenzivni te\u010daj esperanta, ponajprije za grupu gimnazijalaca iz XVI. (jezi\u010dne) gimnazije iz Zagreba.<\/span><\/p><br><p><span style=\"white-space: normal;\"><span style=\"white-space:pre\">\t<\/span>U nedjelju, 23. lipnja, na otvorenoj terasi Odmarali\u0161ta odr\u017ean je vrlo posje\u0107eni koncert esperantske glazbe Nevena Mrzle\u010dkog, a dan kasnije o temi \u201eKako rade bespilotne letjelice\u201d predavao je Robert Milija\u0161.<\/span><\/p><br><p><span style=\"white-space: normal;\"><span style=\"white-space:pre\">\t<\/span>U programu druge polovice kongresa bila su predstavljena dva nova DEC-ova knji\u017eevna izdanja: roman \u201eAlina\u201d bugarskog autora Juliana Modesta i prozno-poetska zbirka \u201eNokta voja\u011do\u201d ukrajinske autorice Tatjane Auderskaje iz Odese. Knjige su predstavili Zdravko Sele\u0161 i Josip Pleadin, uz sudjelovanje autora Juliana Modesta.<\/span><\/p><br><p><span style=\"white-space: normal;\"><span style=\"white-space:pre\">\t<\/span>Informativnom projekcijom predstavljena je biografija kostajni\u010dke esperantistice Antonije Jozi\u010di\u0107 te upravo izdana monografija o toj temi. Najavljeni su kongresi za naredne \u010detiri godine te je predstavljen Erasmus+ projekt \u201eEuropski horizonti za rast\u201d. Ipak, mo\u017eda je najzna\u010dajniji uspjeh kongresa aktiviranje Registra esperantista u Hrvatskoj, na koji se dugo \u010dekalo.<\/span><\/p><br><p><span style=\"white-space: normal;\"><span style=\"white-space:pre\">\t<\/span>Tijekom kongresa organizirana su \u010dak \u010detiri izleta, tri na moru i jedan na kopnu, svaki za po tridesetak sudionika kongresa. U subotu, 22. lipnja, esperantisti su posjetili Nacionalni park Krka, dan kasnije (23. lipnja) Nacionalnu park Kornati, a 25. lipnja (utorak) otoke \u0161ibenskog arhipelaga (Kaprije, \u017dirje i Zlarin). Autobusni izlet u Primo\u0161ten realiziran je 28. lipnja, a sve ih je stru\u010dno vodio profesionalni turisti\u010dki vodi\u010d Neven Kova\u010di\u0107 . Od ostalih turisti\u010dkih programa treba izdvojiti organizirani posjet Memorijalnom centru Fausta Vran\u010di\u0107a 26. lipnja.<\/span><\/p><br><p><span style=\"white-space: normal;\"><span style=\"white-space:pre\">\t<\/span>Izdana je kongresna knjiga, a sudionici su imali prilike prijaviti se za 13. kongres, koji \u0107e se odr\u017eati od 16. do 18. svibnja 2025. godine u Slavonskom Brodu.&nbsp;<\/span><\/p><br><p><span style=\"white-space: normal;\"><span style=\"white-space:pre\">\t<\/span>Fotografije s kongresa mo\u017eete vidjeti <a href=\"https:\/\/novo.dec-kroatio.hr\/hr\/galerija\/\"><strong xmlns=\"http:\/\/www.w3.org\/1999\/xhtml\">ovdje<\/strong><\/a><strong><\/strong>.<\/span><\/p><br><p><span style=\"white-space: normal;\"><span style=\"white-space:pre\">\t<\/span>Arhiva kongresa nalazi se <strong><a href=\"https:\/\/novo.dec-kroatio.hr\/hr\/kongres-hrvatskih-esperantista-2024\/\">ovdje<\/a><\/strong>.<\/span><\/p>\n\n\n","protected":false},"excerpt":{"rendered":"","protected":false},"author":1,"featured_media":0,"comment_status":"closed","ping_status":"open","sticky":false,"template":"","format":"standard","meta":[],"categories":[24],"tags":[],"_links":{"self":[{"href":"https:\/\/novo.dec-kroatio.hr\/hr\/wp-json\/wp\/v2\/posts\/1661"}],"collection":[{"href":"https:\/\/novo.dec-kroatio.hr\/hr\/wp-json\/wp\/v2\/posts"}],"about":[{"href":"https:\/\/novo.dec-kroatio.hr\/hr\/wp-json\/wp\/v2\/types\/post"}],"author":[{"embeddable":true,"href":"https:\/\/novo.dec-kroatio.hr\/hr\/wp-json\/wp\/v2\/users\/1"}],"replies":[{"embeddable":true,"href":"https:\/\/novo.dec-kroatio.hr\/hr\/wp-json\/wp\/v2\/comments?post=1661"}],"version-history":[{"count":4,"href":"https:\/\/novo.dec-kroatio.hr\/hr\/wp-json\/wp\/v2\/posts\/1661\/revisions"}],"predecessor-version":[{"id":1665,"href":"https:\/\/novo.dec-kroatio.hr\/hr\/wp-json\/wp\/v2\/posts\/1661\/revisions\/1665"}],"wp:attachment":[{"href":"https:\/\/novo.dec-kroatio.hr\/hr\/wp-json\/wp\/v2\/media?parent=1661"}],"wp:term":[{"taxonomy":"category","embeddable":true,"href":"https:\/\/novo.dec-kroatio.hr\/hr\/wp-json\/wp\/v2\/categories?post=1661"},{"taxonomy":"post_tag","embeddable":true,"href":"https:\/\/novo.dec-kroatio.hr\/hr\/wp-json\/wp\/v2\/tags?post=1661"}],"curies":[{"name":"wp","href":"https:\/\/api.w.org\/{rel}","templated":true}]}}