{"id":1512,"date":"2024-06-06T06:05:52","date_gmt":"2024-06-06T06:05:52","guid":{"rendered":"https:\/\/novo.dec-kroatio.hr\/?p=629"},"modified":"2024-06-06T15:37:24","modified_gmt":"2024-06-06T15:37:24","slug":"branko-repac-1936-2023","status":"publish","type":"post","link":"https:\/\/novo.dec-kroatio.hr\/hr\/2024\/06\/06\/branko-repac-1936-2023\/","title":{"rendered":"Branko Repac (1936.-2023.)"},"content":{"rendered":"\n\n\n<p>&nbsp;U dobi od 87 godina, 14. listopada 2023. godine u Zagrebu je preminio Branko Repac, jedan od dugogodi\u0161njih hrvatskih esperantista, vi\u0161estruki donator Dokumentacijskog esperantskog centra i jedan od njegovih najzna\u010dajnijih podupiratelja i zagovornika, \u010dije je ime, zajedno s imenom njegove supruge Marije, tako\u0111er esperantistice, uklesano na spomen-plo\u010di na zgradi DEC-a. Ro\u0111en je 1. listopada 1936. godine u Kosinju u Lici, mjestu koje \u0107e uskoro nestati s lica zemlje i biti potopljeno zbog izgradnje jezera za potrebe velike hidrocentrale. Zavr\u0161io je ekonomsku \u0161kolu i radio kao slu\u017ebenik. Bio je samouki esperantist od 1983. godine, \u010dlan Esperantskog dru\u0161tva \u201eBude Borjan\u201d u Zagrebu, u kome je vi\u0161e puta dr\u017eao predavanja o raznim temama. Kao slabovidna osoba sura\u0111ivao je i s dru\u0161tvom slijepih esperantsita u Zagrebu. \u010cesto je posje\u0107ivao razne esperantske skupove, svjetske kongrese esperantista, kongrese slijepih esperantista i nacionalne esperantske kongrese. Bio je zaljubljenik u putovanja, knji\u017eevnost i \u010ditanje. U vrijeme kada mu je vid to dopu\u0161tao \u010ditao je papirne knjige, a kada to vi\u0161e nije bilo mogu\u0107e, slu\u0161ao je tonske knjige, u\u010dio esperantsku poeziju napamet i \u010desto je recitirao kako bi zadr\u017eao dobro znanje esperanta. To mu je omogu\u0107ilo da do zadnjih dana \u017eivota bude potpuno lucidan i odli\u010dan govornik esperanta, s kojim se moglo raspravljati o raznim temama.<\/p><br><p>&nbsp;Financijska sredstva donirao je za razne esperantske projekte, uklju\u010duju\u0107i i kupovinu sjedi\u0161ta Hrvatskog saveza za esperanto u Vodnikovoj ulici 9 u Zagrebu i izgradnju Dokumentacijskog esperantskog centra u \u0110ur\u0111evcu. Naro\u010dito se anga\u017eirao prilikom kupovine arhivskih ormara za DEC, od kojih dva nose njegovo ime i ime njegove supruge Marije.<\/p><br><p>&nbsp;Jo\u0161 tijekom \u017eivota u vi\u0161e je navrata DEC-u donirao svoje esperantske materijale i dokumente, osobito opse\u017enu korespondenciju i fotografije.<\/p><p>&nbsp;Zadnje godine \u017eivota proveo je potpuno slijep i osamljen u svome stanu u Ukrajinskoj 9. Pokopan je na groblju Mirogoj u Zagrebu u grobu broj 108, polje 137A.&nbsp;<\/p><br><p>&nbsp;Pokoj mu vje\u010dni i velika mu hvala na svemu \u0161to je u\u010dinio za esperanto!<\/p>\n\n","protected":false},"excerpt":{"rendered":"","protected":false},"author":1,"featured_media":0,"comment_status":"closed","ping_status":"open","sticky":false,"template":"","format":"standard","meta":[],"categories":[24],"tags":[],"_links":{"self":[{"href":"https:\/\/novo.dec-kroatio.hr\/hr\/wp-json\/wp\/v2\/posts\/1512"}],"collection":[{"href":"https:\/\/novo.dec-kroatio.hr\/hr\/wp-json\/wp\/v2\/posts"}],"about":[{"href":"https:\/\/novo.dec-kroatio.hr\/hr\/wp-json\/wp\/v2\/types\/post"}],"author":[{"embeddable":true,"href":"https:\/\/novo.dec-kroatio.hr\/hr\/wp-json\/wp\/v2\/users\/1"}],"replies":[{"embeddable":true,"href":"https:\/\/novo.dec-kroatio.hr\/hr\/wp-json\/wp\/v2\/comments?post=1512"}],"version-history":[{"count":2,"href":"https:\/\/novo.dec-kroatio.hr\/hr\/wp-json\/wp\/v2\/posts\/1512\/revisions"}],"predecessor-version":[{"id":1515,"href":"https:\/\/novo.dec-kroatio.hr\/hr\/wp-json\/wp\/v2\/posts\/1512\/revisions\/1515"}],"wp:attachment":[{"href":"https:\/\/novo.dec-kroatio.hr\/hr\/wp-json\/wp\/v2\/media?parent=1512"}],"wp:term":[{"taxonomy":"category","embeddable":true,"href":"https:\/\/novo.dec-kroatio.hr\/hr\/wp-json\/wp\/v2\/categories?post=1512"},{"taxonomy":"post_tag","embeddable":true,"href":"https:\/\/novo.dec-kroatio.hr\/hr\/wp-json\/wp\/v2\/tags?post=1512"}],"curies":[{"name":"wp","href":"https:\/\/api.w.org\/{rel}","templated":true}]}}