{"id":1118,"date":"2023-10-26T08:44:52","date_gmt":"2023-10-26T08:44:52","guid":{"rendered":"https:\/\/novo.dec-kroatio.hr\/?p=629"},"modified":"2023-10-26T22:13:22","modified_gmt":"2023-10-26T22:13:22","slug":"12-kongres-prvic-luka","status":"publish","type":"post","link":"https:\/\/novo.dec-kroatio.hr\/hr\/2023\/10\/26\/12-kongres-prvic-luka\/","title":{"rendered":"Potpisan ugovor za odr\u017eavanje 12. kongresa hrvatskih esperantista u Prvi\u0107 Luci"},"content":{"rendered":"\n<p>Na skup\u0161tini Hrvatskog saveza za esperanto, odr\u017eanoj tijekom 11. kongresa hrvatskih esperantista u \u0110ur\u0111evcu, Dokumentacijskom esperantskom centru je povjerena organizacija kongresa hrvatskih esperantista za narednih pet godina. Slijedom toga, 12. kongres \u0107e se odr\u017eati u Prvi\u0107 Luci na otoku Prvi\u0107u kraj \u0160ibenika od 21. do 28. lipnja 2024. godine. Ovaj kongres \u0107e po mnogo\u010demu biti druga\u010diji od ranijih skupova, trajat \u0107e sedam dana i omogu\u0107it \u0107e sudionicima odmor i u\u017eivanje. S tvrtkom Odmarali\u0161te Po\u017eega d.o.o., u \u010dijem \u0107e se hostelu kongres odr\u017eati,&nbsp; 5. listopada 2023. potpisan je ugovor o uslugama smje\u0161taja i prehrane za sudionike kongresa. Prije potpisivanja ugovora, 28. i 29. kolovoza, tajnik DEC-a obi\u0161ao je objekt i utvrdio smje\u0161tajne i ostale mogu\u0107nosti. Dvanaesti kongres \u0107e biti prvi kongres odr\u017ean u Dalmaciji, \u0161to bi trebalo privu\u0107i i pa\u017enju inozemnih esperantista, jer se osim radnoga dijela, sudionicima planira omogu\u0107iti ugodno i jeftino ljetovanje na otoku bez automobilskog prometa te izlete na poznate turisti\u010dke destinacije kao \u0161to su Nacinalni parkovi Kornati i Slapovi Krke. Podrobnije informacije bit \u0107e uskoro objavljene na stranicama DEC-a.<\/p>\n\n\n\n\n\n\n","protected":false},"excerpt":{"rendered":"","protected":false},"author":1,"featured_media":0,"comment_status":"closed","ping_status":"open","sticky":false,"template":"","format":"standard","meta":[],"categories":[24],"tags":[],"_links":{"self":[{"href":"https:\/\/novo.dec-kroatio.hr\/hr\/wp-json\/wp\/v2\/posts\/1118"}],"collection":[{"href":"https:\/\/novo.dec-kroatio.hr\/hr\/wp-json\/wp\/v2\/posts"}],"about":[{"href":"https:\/\/novo.dec-kroatio.hr\/hr\/wp-json\/wp\/v2\/types\/post"}],"author":[{"embeddable":true,"href":"https:\/\/novo.dec-kroatio.hr\/hr\/wp-json\/wp\/v2\/users\/1"}],"replies":[{"embeddable":true,"href":"https:\/\/novo.dec-kroatio.hr\/hr\/wp-json\/wp\/v2\/comments?post=1118"}],"version-history":[{"count":2,"href":"https:\/\/novo.dec-kroatio.hr\/hr\/wp-json\/wp\/v2\/posts\/1118\/revisions"}],"predecessor-version":[{"id":1121,"href":"https:\/\/novo.dec-kroatio.hr\/hr\/wp-json\/wp\/v2\/posts\/1118\/revisions\/1121"}],"wp:attachment":[{"href":"https:\/\/novo.dec-kroatio.hr\/hr\/wp-json\/wp\/v2\/media?parent=1118"}],"wp:term":[{"taxonomy":"category","embeddable":true,"href":"https:\/\/novo.dec-kroatio.hr\/hr\/wp-json\/wp\/v2\/categories?post=1118"},{"taxonomy":"post_tag","embeddable":true,"href":"https:\/\/novo.dec-kroatio.hr\/hr\/wp-json\/wp\/v2\/tags?post=1118"}],"curies":[{"name":"wp","href":"https:\/\/api.w.org\/{rel}","templated":true}]}}