{"id":970,"date":"2023-07-20T06:45:52","date_gmt":"2023-07-20T06:45:52","guid":{"rendered":"https:\/\/novo.dec-kroatio.hr\/?p=629"},"modified":"2023-07-20T10:32:29","modified_gmt":"2023-07-20T10:32:29","slug":"kongres-hrvatskih-esperantista","status":"publish","type":"post","link":"https:\/\/novo.dec-kroatio.hr\/eo\/2023\/07\/20\/kongres-hrvatskih-esperantista\/","title":{"rendered":"Kongreso de kroataj esperantistoj"},"content":{"rendered":"<p lang=\"en-GB\" align=\"justify\">Inter la 30-a de junio kaj 2-a de julio 2023 en \u0110ur\u0111evac okazis la 11-a kongreso de kroataj esperantistoj, kiun organizis Dokumenta Esperanto-Centro sub la a\u016dspicio de Urbo \u0110ur\u0111evac kaj Departemento Koprivnica-Kri\u017eevci. Partoprenis \u0109irka\u016d 90 geesperantistoj el Kroatio kaj aliaj landoj. En la bunta programo okazis ronda tablo pri stato kaj perspektivoj de Esperanto en Kroatio, jarkunveno de Kroata Eperanto-Ligo, kelkaj ekspozicioj kaj libropezentoj, solena programo kun koncertoj de Esperanta muziko, oficiala malfermo de Dokumenta Esperanto-Centro por publiko kaj kongresa ekskurso. Legu pli detale en la <a href=\"https:\/\/novo.dec-kroatio.hr\/wp-content\/uploads\/2023\/07\/2023-07-17-raporto-pri-la-11-kongreso.pdf\"><strong>raporto<\/strong><\/a> kaj <a href=\"https:\/\/novo.dec-kroatio.hr\/wp-content\/uploads\/2023\/07\/fin_rap_11_kongreso.pdf\"><strong>financa raporto<\/strong><\/a>.<\/p>\n\n<p lang=\"en-GB\" align=\"justify\" style=\"text-align: center;\"><strong><a href=\"https:\/\/novo.dec-kroatio.hr\/eo\/arhiva-kongresa-hrvatskih-esperantista\/\">Ovdje se nalaze arhivske stranice odr\u017eanog kongresa.<\/a><\/strong><\/p>","protected":false},"excerpt":{"rendered":"","protected":false},"author":1,"featured_media":0,"comment_status":"closed","ping_status":"open","sticky":false,"template":"","format":"standard","meta":[],"categories":[24],"tags":[],"_links":{"self":[{"href":"https:\/\/novo.dec-kroatio.hr\/eo\/wp-json\/wp\/v2\/posts\/970"}],"collection":[{"href":"https:\/\/novo.dec-kroatio.hr\/eo\/wp-json\/wp\/v2\/posts"}],"about":[{"href":"https:\/\/novo.dec-kroatio.hr\/eo\/wp-json\/wp\/v2\/types\/post"}],"author":[{"embeddable":true,"href":"https:\/\/novo.dec-kroatio.hr\/eo\/wp-json\/wp\/v2\/users\/1"}],"replies":[{"embeddable":true,"href":"https:\/\/novo.dec-kroatio.hr\/eo\/wp-json\/wp\/v2\/comments?post=970"}],"version-history":[{"count":4,"href":"https:\/\/novo.dec-kroatio.hr\/eo\/wp-json\/wp\/v2\/posts\/970\/revisions"}],"predecessor-version":[{"id":1002,"href":"https:\/\/novo.dec-kroatio.hr\/eo\/wp-json\/wp\/v2\/posts\/970\/revisions\/1002"}],"wp:attachment":[{"href":"https:\/\/novo.dec-kroatio.hr\/eo\/wp-json\/wp\/v2\/media?parent=970"}],"wp:term":[{"taxonomy":"category","embeddable":true,"href":"https:\/\/novo.dec-kroatio.hr\/eo\/wp-json\/wp\/v2\/categories?post=970"},{"taxonomy":"post_tag","embeddable":true,"href":"https:\/\/novo.dec-kroatio.hr\/eo\/wp-json\/wp\/v2\/tags?post=970"}],"curies":[{"name":"wp","href":"https:\/\/api.w.org\/{rel}","templated":true}]}}