{"id":940,"date":"2023-04-23T08:03:52","date_gmt":"2023-04-23T08:03:52","guid":{"rendered":"https:\/\/novo.dec-kroatio.hr\/?p=629"},"modified":"2023-04-23T10:51:12","modified_gmt":"2023-04-23T10:51:12","slug":"volonterka-iz-francuske-u-djurdjevcu","status":"publish","type":"post","link":"https:\/\/novo.dec-kroatio.hr\/eo\/2023\/04\/23\/volonterka-iz-francuske-u-djurdjevcu\/","title":{"rendered":"Volontulino el Francio en \u0110ur\u0111evac"},"content":{"rendered":"<p lang=\"en-GB\" align=\"justify\">Ekde la komenco de aprilo, en Dokumenta Esperanto-Centro (DEC) en \u0110ur\u0111evac laboras la 22-jara Yentl-Rose Hemelrijk, nederlanda volontulino konstante lo\u011danta en Tuluzo (Francio). Esperanton \u015di komencis lerni en 2022 en la Esperanto-Kultur-Centro (EKC) en Tuluzo kaj ali\u011dis por volontulado enkadre de la franca volontula servo \u201eService Civique\u201d. Post sesmonata sta\u011do en Francio, \u015di akceptis kvinmonatan volontuladon en Kroatio. En sia nova laborloko \u015di \u0109efe laboroas pri katalogado de libroj kaj arkivaj materialoj kaj skanado de fotoj. \u015ci estos anka\u016d membro de la organiza teamo de la 11-a kongreso de kroataj esperantistoj, kiu en \u0110ur\u0111evac okazos inter la 30-a de junio kaj 2-a de julio, organizata de DEC. Sian liberan tempon \u015di uzas por konati\u011do kun Kroatio kaj lernado de la kroata lingvo. \u015ci parolas la nederlandan, francan, hispanan, anglan kaj Esperanton. Aparte \u015di interesi\u011das pri desegnado kaj plastikaj artoj, vizitas ekspoziciojn kaj prepari\u011das por ilustrado de novaj Esperantaj libroj eldonotaj de DEC. En \u0110ur\u0111evac \u015di restados \u011dis la fino de a\u016dgusto 2023, kaj por la jaro 2024 DEC kandidati\u011dis por akcepti du novajn volontulojn el Tuluzo kaj Strasburgo. \u0108iu volontulo dum sia sta\u011do plenumos \u0109irka\u016d 500 laborhorojn, per kio grave pligrandi\u011das efikeco de la agado de DEC.<\/p>","protected":false},"excerpt":{"rendered":"","protected":false},"author":1,"featured_media":0,"comment_status":"closed","ping_status":"open","sticky":false,"template":"","format":"standard","meta":[],"categories":[24],"tags":[],"_links":{"self":[{"href":"https:\/\/novo.dec-kroatio.hr\/eo\/wp-json\/wp\/v2\/posts\/940"}],"collection":[{"href":"https:\/\/novo.dec-kroatio.hr\/eo\/wp-json\/wp\/v2\/posts"}],"about":[{"href":"https:\/\/novo.dec-kroatio.hr\/eo\/wp-json\/wp\/v2\/types\/post"}],"author":[{"embeddable":true,"href":"https:\/\/novo.dec-kroatio.hr\/eo\/wp-json\/wp\/v2\/users\/1"}],"replies":[{"embeddable":true,"href":"https:\/\/novo.dec-kroatio.hr\/eo\/wp-json\/wp\/v2\/comments?post=940"}],"version-history":[{"count":3,"href":"https:\/\/novo.dec-kroatio.hr\/eo\/wp-json\/wp\/v2\/posts\/940\/revisions"}],"predecessor-version":[{"id":944,"href":"https:\/\/novo.dec-kroatio.hr\/eo\/wp-json\/wp\/v2\/posts\/940\/revisions\/944"}],"wp:attachment":[{"href":"https:\/\/novo.dec-kroatio.hr\/eo\/wp-json\/wp\/v2\/media?parent=940"}],"wp:term":[{"taxonomy":"category","embeddable":true,"href":"https:\/\/novo.dec-kroatio.hr\/eo\/wp-json\/wp\/v2\/categories?post=940"},{"taxonomy":"post_tag","embeddable":true,"href":"https:\/\/novo.dec-kroatio.hr\/eo\/wp-json\/wp\/v2\/tags?post=940"}],"curies":[{"name":"wp","href":"https:\/\/api.w.org\/{rel}","templated":true}]}}