{"id":764,"date":"2023-01-13T06:31:52","date_gmt":"2023-01-13T06:31:52","guid":{"rendered":"https:\/\/novo.dec-kroatio.hr\/?p=629"},"modified":"2023-01-14T16:46:30","modified_gmt":"2023-01-14T16:46:30","slug":"zavrsen-projekt-digitalizacije_clone","status":"publish","type":"post","link":"https:\/\/novo.dec-kroatio.hr\/eo\/2023\/01\/13\/zavrsen-projekt-digitalizacije_clone\/","title":{"rendered":"Renovigita memortabulo en Zagrebo"},"content":{"rendered":"<p lang=\"en-GB\" align=\"justify\">Je la iniciato de Dokumenta Esperanto-Centro (DEC) el novembro 2021 kaj kunlabore kun la Urba instituto por protekto de kulturaj kaj naturaj monumentoj de Zagrebo, la zagreba Urba oficejo por spacordigo, konstruado de la urbo, arkitekturo, komunalaj laboroj kaj trafiko renovigis la memortabulon pri \u201eKroata Esperantisto\u201d, la unua Esperanto-gazeto en Kroatio, kiu staras \u0109e Placo de re\u011do Tomislav 21 en Zagrebo. La tabulon el bronzo faris konata kroata skulptisto Vinko Fabris, kaj \u011di estis starigita de Zagreba Esperanto-Ligo en aprilo 1990.Jam de pluraj jaroj \u011di estis en malbona, rusta stato, kaj esperantistoj ser\u0109is manieron renovigi \u011din. \u0108ar \u011di trovi\u011das en la historia urboparto kiu estas protektita kiel tuta\u0135o, la iniciato de DEC estis akceptita kaj la tabulo renovigita. La resta\u016dradon financis Urbo Zagrebo, kaj la renovigan laboron faris Muldejo Ujevi\u0107. La memortabulo estas remetita sur sian lokon okaze de Zamenhofa tago, la 15-an de decembro 2022.<\/p>\r\n<p>&nbsp;<\/p>\r\n\r\n\r\n\r\n\r\n\r\n\r\n\r\n<p>&nbsp;<\/p>","protected":false},"excerpt":{"rendered":"<p>&nbsp;<\/p>","protected":false},"author":1,"featured_media":0,"comment_status":"open","ping_status":"open","sticky":false,"template":"","format":"standard","meta":[],"categories":[24],"tags":[],"_links":{"self":[{"href":"https:\/\/novo.dec-kroatio.hr\/eo\/wp-json\/wp\/v2\/posts\/764"}],"collection":[{"href":"https:\/\/novo.dec-kroatio.hr\/eo\/wp-json\/wp\/v2\/posts"}],"about":[{"href":"https:\/\/novo.dec-kroatio.hr\/eo\/wp-json\/wp\/v2\/types\/post"}],"author":[{"embeddable":true,"href":"https:\/\/novo.dec-kroatio.hr\/eo\/wp-json\/wp\/v2\/users\/1"}],"replies":[{"embeddable":true,"href":"https:\/\/novo.dec-kroatio.hr\/eo\/wp-json\/wp\/v2\/comments?post=764"}],"version-history":[{"count":3,"href":"https:\/\/novo.dec-kroatio.hr\/eo\/wp-json\/wp\/v2\/posts\/764\/revisions"}],"predecessor-version":[{"id":768,"href":"https:\/\/novo.dec-kroatio.hr\/eo\/wp-json\/wp\/v2\/posts\/764\/revisions\/768"}],"wp:attachment":[{"href":"https:\/\/novo.dec-kroatio.hr\/eo\/wp-json\/wp\/v2\/media?parent=764"}],"wp:term":[{"taxonomy":"category","embeddable":true,"href":"https:\/\/novo.dec-kroatio.hr\/eo\/wp-json\/wp\/v2\/categories?post=764"},{"taxonomy":"post_tag","embeddable":true,"href":"https:\/\/novo.dec-kroatio.hr\/eo\/wp-json\/wp\/v2\/tags?post=764"}],"curies":[{"name":"wp","href":"https:\/\/api.w.org\/{rel}","templated":true}]}}