{"id":671,"date":"2022-10-12T15:10:52","date_gmt":"2022-10-12T15:10:52","guid":{"rendered":"https:\/\/novo.dec-kroatio.hr\/?p=629"},"modified":"2022-10-12T17:13:51","modified_gmt":"2022-10-12T17:13:51","slug":"nasi-posjetitelji","status":"publish","type":"post","link":"https:\/\/novo.dec-kroatio.hr\/eo\/2022\/10\/12\/nasi-posjetitelji\/","title":{"rendered":"Niaj vizitantoj"},"content":{"rendered":"<p>Dum septembro 2022 Dokumentan Esperanto-Centron vizitis Nijol\u0117 Petraityt\u0117, bibliotekistino el \u0160iauliai en Litovio (la 6-an kaj 7-an de septembro), elstara Esperanta verkisto Georgi Mihalkov (alinome Julian Modest) el Sofio en Bulgario (de la 22-a \u011dis la 25-a de septembro) kaj konata hungara esperantisto Bal\u00e1zs Wacha (alinome Blazio Vaha) el Budape\u015dto (de la 22-a \u011dis la 25-a de septembro).<\/p>\r\n\r\n\r\n\r\n\r\n\r\n\r\n\r\n<p>&nbsp;<\/p>","protected":false},"excerpt":{"rendered":"","protected":false},"author":1,"featured_media":0,"comment_status":"open","ping_status":"open","sticky":false,"template":"","format":"standard","meta":[],"categories":[24],"tags":[],"_links":{"self":[{"href":"https:\/\/novo.dec-kroatio.hr\/eo\/wp-json\/wp\/v2\/posts\/671"}],"collection":[{"href":"https:\/\/novo.dec-kroatio.hr\/eo\/wp-json\/wp\/v2\/posts"}],"about":[{"href":"https:\/\/novo.dec-kroatio.hr\/eo\/wp-json\/wp\/v2\/types\/post"}],"author":[{"embeddable":true,"href":"https:\/\/novo.dec-kroatio.hr\/eo\/wp-json\/wp\/v2\/users\/1"}],"replies":[{"embeddable":true,"href":"https:\/\/novo.dec-kroatio.hr\/eo\/wp-json\/wp\/v2\/comments?post=671"}],"version-history":[{"count":3,"href":"https:\/\/novo.dec-kroatio.hr\/eo\/wp-json\/wp\/v2\/posts\/671\/revisions"}],"predecessor-version":[{"id":677,"href":"https:\/\/novo.dec-kroatio.hr\/eo\/wp-json\/wp\/v2\/posts\/671\/revisions\/677"}],"wp:attachment":[{"href":"https:\/\/novo.dec-kroatio.hr\/eo\/wp-json\/wp\/v2\/media?parent=671"}],"wp:term":[{"taxonomy":"category","embeddable":true,"href":"https:\/\/novo.dec-kroatio.hr\/eo\/wp-json\/wp\/v2\/categories?post=671"},{"taxonomy":"post_tag","embeddable":true,"href":"https:\/\/novo.dec-kroatio.hr\/eo\/wp-json\/wp\/v2\/tags?post=671"}],"curies":[{"name":"wp","href":"https:\/\/api.w.org\/{rel}","templated":true}]}}