{"id":653,"date":"2022-10-12T15:10:52","date_gmt":"2022-10-12T15:10:52","guid":{"rendered":"https:\/\/novo.dec-kroatio.hr\/?p=629"},"modified":"2022-10-12T15:58:10","modified_gmt":"2022-10-12T15:58:10","slug":"predavanje-o-esperantu-6-medjunarodni-simpozij-u-poljskoj","status":"publish","type":"post","link":"https:\/\/novo.dec-kroatio.hr\/eo\/2022\/10\/12\/predavanje-o-esperantu-6-medjunarodni-simpozij-u-poljskoj\/","title":{"rendered":"Prelego pri Esperanto en Kroatio dum la 6-a Internacia Simpozio en Pollando"},"content":{"rendered":"<p lang=\"en-GB\" align=\"justify\">Per sia prelego pri la temo \u201eLa tradicio de Esperanto en Kroatio kiel nemateria kultura hava\u0135o\u201d, Josip Pleadin la 26-an de julio 2022 partoprenis la 6-an Internacian Simpozion pri la temo \u201e135 jaroj de Esperanto: homoj, lingvo, kulturo kaj okazinta\u0135oj\u201d, kiun organizis E\u016dropa Centro de Kultura Edukado (Europejskie Centrum Eukacji Mi\u0119dzykulturowej) el Vroclaco en Pollando. La simpozion gastigis Karkono\u015da akademio de aplikitaj sciencoj (Karkonoska Akademia Nauk Stosowanych) el Jelenia G\u00f3ra, kaj \u011di okazis hibride. La tekston de la prelego vi povas el\u015duti \u0109i <em><strong><a href=\"https:\/\/novo.dec-kroatio.hr\/wp-content\/uploads\/2022\/10\/2022-07-26-La-tradicio-de-Esperanto-en-Kroatio-kiel-nemateria-kultura-havajho.pdf\">\u0109i-tie<\/a><\/strong><\/em>, kaj la filmitan prelegon bonvolu spekti en la \u0135us malfermita jutuba kanalo de DEC: <em><strong><a href=\"https:\/\/www.youtube.com\/watch?v=HepBDOqMG9k\">https:\/\/www.youtube.com\/watch?v=HepBDOqMG9k<\/a><\/strong><\/em>.<\/p>","protected":false},"excerpt":{"rendered":"","protected":false},"author":1,"featured_media":0,"comment_status":"open","ping_status":"open","sticky":false,"template":"","format":"standard","meta":[],"categories":[24],"tags":[],"_links":{"self":[{"href":"https:\/\/novo.dec-kroatio.hr\/eo\/wp-json\/wp\/v2\/posts\/653"}],"collection":[{"href":"https:\/\/novo.dec-kroatio.hr\/eo\/wp-json\/wp\/v2\/posts"}],"about":[{"href":"https:\/\/novo.dec-kroatio.hr\/eo\/wp-json\/wp\/v2\/types\/post"}],"author":[{"embeddable":true,"href":"https:\/\/novo.dec-kroatio.hr\/eo\/wp-json\/wp\/v2\/users\/1"}],"replies":[{"embeddable":true,"href":"https:\/\/novo.dec-kroatio.hr\/eo\/wp-json\/wp\/v2\/comments?post=653"}],"version-history":[{"count":3,"href":"https:\/\/novo.dec-kroatio.hr\/eo\/wp-json\/wp\/v2\/posts\/653\/revisions"}],"predecessor-version":[{"id":659,"href":"https:\/\/novo.dec-kroatio.hr\/eo\/wp-json\/wp\/v2\/posts\/653\/revisions\/659"}],"wp:attachment":[{"href":"https:\/\/novo.dec-kroatio.hr\/eo\/wp-json\/wp\/v2\/media?parent=653"}],"wp:term":[{"taxonomy":"category","embeddable":true,"href":"https:\/\/novo.dec-kroatio.hr\/eo\/wp-json\/wp\/v2\/categories?post=653"},{"taxonomy":"post_tag","embeddable":true,"href":"https:\/\/novo.dec-kroatio.hr\/eo\/wp-json\/wp\/v2\/tags?post=653"}],"curies":[{"name":"wp","href":"https:\/\/api.w.org\/{rel}","templated":true}]}}