{"id":644,"date":"2022-10-12T15:10:52","date_gmt":"2022-10-12T15:10:52","guid":{"rendered":"https:\/\/novo.dec-kroatio.hr\/?p=629"},"modified":"2022-10-12T15:25:11","modified_gmt":"2022-10-12T15:25:11","slug":"istrazivanje-o-esperantu-u-splitskim-novinama","status":"publish","type":"post","link":"https:\/\/novo.dec-kroatio.hr\/eo\/2022\/10\/12\/istrazivanje-o-esperantu-u-splitskim-novinama\/","title":{"rendered":"Esplorado pri Esperanto en la gazetaro de Split"},"content":{"rendered":"<p lang=\"en-GB\" align=\"justify\">Enkadre de esploroj pri la 100-a datreveno de Esperanto en Split, jam du jarojn Dokumenta Esperanto-Centro realigas sisteman traser\u0109adon de perioda\u0135oj aperintaj en Split kaj Dalmatio. La rezultoj de tiu esplorado, kiun inter 2020 kaj 2022 realigis Josip Pleadin, estas resumitaj en du (kroatlingvaj) volumetoj: <em><strong><a href=\"https:\/\/novo.dec-kroatio.hr\/wp-content\/uploads\/2022\/10\/Esperanto-u-novinama-Novo-doba-i-Jadranski-dnevnik-Split.pdf\">\u201eEsperanto en la gazetoj Novo doba kaj Jadranski dnevnik, 1920-1939\u201d<\/a><\/strong><\/em> kaj <em><strong><a href=\"https:\/\/novo.dec-kroatio.hr\/wp-content\/uploads\/2022\/10\/Esperanto-u-novinama-Slobodna-Dalmacija.pdf\">\u201eEsperanto en la gazeto Slobodna Dalmacija, 1945-2009\u201d.<\/a><\/strong><\/em> Temas pri \u0109irka\u016d 220 pa\u011doj da teksto, en kiu komplete a\u016d parte estas retajpitaj artikoloj el la menciitaj gazetoj, kiuj pritraktas la temon de Esperanto.<\/p>\r\n<p lang=\"en-GB\" align=\"justify\">\u00a0<\/p>\r\n\r\n<p>&nbsp;<\/p>","protected":false},"excerpt":{"rendered":"<p>&nbsp;<\/p>","protected":false},"author":1,"featured_media":0,"comment_status":"open","ping_status":"open","sticky":false,"template":"","format":"standard","meta":[],"categories":[24],"tags":[],"_links":{"self":[{"href":"https:\/\/novo.dec-kroatio.hr\/eo\/wp-json\/wp\/v2\/posts\/644"}],"collection":[{"href":"https:\/\/novo.dec-kroatio.hr\/eo\/wp-json\/wp\/v2\/posts"}],"about":[{"href":"https:\/\/novo.dec-kroatio.hr\/eo\/wp-json\/wp\/v2\/types\/post"}],"author":[{"embeddable":true,"href":"https:\/\/novo.dec-kroatio.hr\/eo\/wp-json\/wp\/v2\/users\/1"}],"replies":[{"embeddable":true,"href":"https:\/\/novo.dec-kroatio.hr\/eo\/wp-json\/wp\/v2\/comments?post=644"}],"version-history":[{"count":5,"href":"https:\/\/novo.dec-kroatio.hr\/eo\/wp-json\/wp\/v2\/posts\/644\/revisions"}],"predecessor-version":[{"id":652,"href":"https:\/\/novo.dec-kroatio.hr\/eo\/wp-json\/wp\/v2\/posts\/644\/revisions\/652"}],"wp:attachment":[{"href":"https:\/\/novo.dec-kroatio.hr\/eo\/wp-json\/wp\/v2\/media?parent=644"}],"wp:term":[{"taxonomy":"category","embeddable":true,"href":"https:\/\/novo.dec-kroatio.hr\/eo\/wp-json\/wp\/v2\/categories?post=644"},{"taxonomy":"post_tag","embeddable":true,"href":"https:\/\/novo.dec-kroatio.hr\/eo\/wp-json\/wp\/v2\/tags?post=644"}],"curies":[{"name":"wp","href":"https:\/\/api.w.org\/{rel}","templated":true}]}}