{"id":629,"date":"2022-07-24T10:10:52","date_gmt":"2022-07-24T10:10:52","guid":{"rendered":"https:\/\/novo.dec-kroatio.hr\/?p=629"},"modified":"2022-07-24T13:30:01","modified_gmt":"2022-07-24T13:30:01","slug":"ministarstvo-kulture-i-medija-prihvatilo-projekt-digitalizacije-casopisa","status":"publish","type":"post","link":"https:\/\/novo.dec-kroatio.hr\/eo\/2022\/07\/24\/ministarstvo-kulture-i-medija-prihvatilo-projekt-digitalizacije-casopisa\/","title":{"rendered":"La Ministerio pri kulturo kaj medioj akceptis la projekton de ciferecigo de gazetoj"},"content":{"rendered":"<p lang=\"en-GB\" align=\"justify\">Ministerio pri kulturo kaj medioj de Respubliko Kroatio akceptis la projekton \u201eCiferecigo de la gazetoj Konkordo kaj La Suda Stelo\u201d, kiun por la konkurso lan\u0109ita jarkomence kandidatigis Dokumenta Esperanto-Centro el \u0110ur\u0111evac. Por kovri la anta\u016dviditan koston de 10.250 kunaoj, la Ministerio aprobis la sumon de 5.000 kunaoj, dum la ceteron aprobis Esperantic Studies Foundation (ESF) el Usono. La ciferecigon de entute \u0109irka\u016d 4200 pa\u011doj de la gazetoj \u201eKonkordo\u201d (1924-1928) kaj \u201eLa Suda Stelo\u201d (1932-1973) faros specialigita firmao \u201ePoint\u201d s.l.r. el Vara\u017edin, kun kiu DEC en julio subskribis respektivan kontrakton. La limdato por fini la projekton estas la 15-a de decembro (Zamenhofa tago) 2022. \u0108iuj ciferecigitaj materialoj estos libere uzeblaj de esperantista kaj neesperantista publikoj en PDF- kaj OCR-formatoj.<\/p><p lang=\"en-GB\" align=\"justify\"><br><\/p>\n<p lang=\"en-GB\" align=\"justify\"><img loading=\"lazy\" class=\"wp-image-587 alignnone\" src=\"https:\/\/novo.dec-kroatio.hr\/wp-content\/uploads\/2022\/06\/Ministarstvo-kulture-i-medija-300x200.jpg\" alt=\"\" width=\"449\" height=\"299\" srcset=\"https:\/\/novo.dec-kroatio.hr\/wp-content\/uploads\/2022\/06\/Ministarstvo-kulture-i-medija-300x200.jpg 300w, https:\/\/novo.dec-kroatio.hr\/wp-content\/uploads\/2022\/06\/Ministarstvo-kulture-i-medija-16x12.jpg 16w, https:\/\/novo.dec-kroatio.hr\/wp-content\/uploads\/2022\/06\/Ministarstvo-kulture-i-medija-591x394.jpg 591w, https:\/\/novo.dec-kroatio.hr\/wp-content\/uploads\/2022\/06\/Ministarstvo-kulture-i-medija.jpg 750w\" sizes=\"(max-width: 449px) 100vw, 449px\"><img loading=\"lazy\" class=\"size-medium wp-image-632 alignnone\" src=\"https:\/\/novo.dec-kroatio.hr\/wp-content\/uploads\/2022\/07\/ESF-300x300.png\" alt=\"\" width=\"300\" height=\"300\" srcset=\"https:\/\/novo.dec-kroatio.hr\/wp-content\/uploads\/2022\/07\/ESF-300x300.png 300w, https:\/\/novo.dec-kroatio.hr\/wp-content\/uploads\/2022\/07\/ESF-150x150.png 150w, https:\/\/novo.dec-kroatio.hr\/wp-content\/uploads\/2022\/07\/ESF-768x768.png 768w, https:\/\/novo.dec-kroatio.hr\/wp-content\/uploads\/2022\/07\/ESF-12x12.png 12w, https:\/\/novo.dec-kroatio.hr\/wp-content\/uploads\/2022\/07\/ESF-819x819.png 819w, https:\/\/novo.dec-kroatio.hr\/wp-content\/uploads\/2022\/07\/ESF-591x591.png 591w, https:\/\/novo.dec-kroatio.hr\/wp-content\/uploads\/2022\/07\/ESF-100x100.png 100w, https:\/\/novo.dec-kroatio.hr\/wp-content\/uploads\/2022\/07\/ESF.png 875w\" sizes=\"(max-width: 300px) 100vw, 300px\"><\/p>","protected":false},"excerpt":{"rendered":"","protected":false},"author":1,"featured_media":0,"comment_status":"open","ping_status":"open","sticky":false,"template":"","format":"standard","meta":[],"categories":[24],"tags":[],"_links":{"self":[{"href":"https:\/\/novo.dec-kroatio.hr\/eo\/wp-json\/wp\/v2\/posts\/629"}],"collection":[{"href":"https:\/\/novo.dec-kroatio.hr\/eo\/wp-json\/wp\/v2\/posts"}],"about":[{"href":"https:\/\/novo.dec-kroatio.hr\/eo\/wp-json\/wp\/v2\/types\/post"}],"author":[{"embeddable":true,"href":"https:\/\/novo.dec-kroatio.hr\/eo\/wp-json\/wp\/v2\/users\/1"}],"replies":[{"embeddable":true,"href":"https:\/\/novo.dec-kroatio.hr\/eo\/wp-json\/wp\/v2\/comments?post=629"}],"version-history":[{"count":4,"href":"https:\/\/novo.dec-kroatio.hr\/eo\/wp-json\/wp\/v2\/posts\/629\/revisions"}],"predecessor-version":[{"id":640,"href":"https:\/\/novo.dec-kroatio.hr\/eo\/wp-json\/wp\/v2\/posts\/629\/revisions\/640"}],"wp:attachment":[{"href":"https:\/\/novo.dec-kroatio.hr\/eo\/wp-json\/wp\/v2\/media?parent=629"}],"wp:term":[{"taxonomy":"category","embeddable":true,"href":"https:\/\/novo.dec-kroatio.hr\/eo\/wp-json\/wp\/v2\/categories?post=629"},{"taxonomy":"post_tag","embeddable":true,"href":"https:\/\/novo.dec-kroatio.hr\/eo\/wp-json\/wp\/v2\/tags?post=629"}],"curies":[{"name":"wp","href":"https:\/\/api.w.org\/{rel}","templated":true}]}}