{"id":626,"date":"2022-07-24T09:53:39","date_gmt":"2022-07-24T09:53:39","guid":{"rendered":"https:\/\/novo.dec-kroatio.hr\/?p=626"},"modified":"2022-07-24T13:31:08","modified_gmt":"2022-07-24T13:31:08","slug":"vladimir-dujnic-posjetio-dec","status":"publish","type":"post","link":"https:\/\/novo.dec-kroatio.hr\/eo\/2022\/07\/24\/vladimir-dujnic-posjetio-dec\/","title":{"rendered":"Vladimir Dujni\u0107 viziti DEC-on"},"content":{"rendered":"<p lang=\"en-GB\" align=\"justify\">En neoficiala vizito al Dokumenta Esperanto-Centro la 13-an kaj 14-an de julio 2022 estis Vladimir Dujni\u0107 el Hrvatska Kostajnica, unu el la vicprezidantoj de Kroata Esperanto-Ligo el Zagrebo. En la dumvizitaj interparoloj Vladimir Dujni\u0107 informi\u011dis pri la labormaniero de Dokumenta Esperanto-Centro kaj pri diversaj realigataj projektoj. Oni interparolis anka\u016d pri  partopreno de Dokumenta Esperanto-Centro en la esploroj pri Antonija Jozi\u010di\u0107, instruistino kiu estis pioniro de Esperanto en Hrvatska Kostajnica kaj pri porokazaj programoj dedi\u0109otaj al \u015dia laboro kaj organizotaj dum la kuranta jaro.<\/p><p lang=\"en-GB\" align=\"justify\"><br><\/p>\n\n<p lang=\"en-GB\" align=\"justify\"><img loading=\"lazy\" class=\"wp-image-627 aligncenter\" src=\"https:\/\/novo.dec-kroatio.hr\/wp-content\/uploads\/2022\/07\/Vladimir-Dujnic-225x300.jpg\" alt=\"\" width=\"403\" height=\"537\" srcset=\"https:\/\/novo.dec-kroatio.hr\/wp-content\/uploads\/2022\/07\/Vladimir-Dujnic-225x300.jpg 225w, https:\/\/novo.dec-kroatio.hr\/wp-content\/uploads\/2022\/07\/Vladimir-Dujnic-9x12.jpg 9w, https:\/\/novo.dec-kroatio.hr\/wp-content\/uploads\/2022\/07\/Vladimir-Dujnic-591x789.jpg 591w, https:\/\/novo.dec-kroatio.hr\/wp-content\/uploads\/2022\/07\/Vladimir-Dujnic.jpg 619w\" sizes=\"(max-width: 403px) 100vw, 403px\"><\/p>","protected":false},"excerpt":{"rendered":"","protected":false},"author":1,"featured_media":0,"comment_status":"open","ping_status":"open","sticky":false,"template":"","format":"standard","meta":[],"categories":[24],"tags":[],"_links":{"self":[{"href":"https:\/\/novo.dec-kroatio.hr\/eo\/wp-json\/wp\/v2\/posts\/626"}],"collection":[{"href":"https:\/\/novo.dec-kroatio.hr\/eo\/wp-json\/wp\/v2\/posts"}],"about":[{"href":"https:\/\/novo.dec-kroatio.hr\/eo\/wp-json\/wp\/v2\/types\/post"}],"author":[{"embeddable":true,"href":"https:\/\/novo.dec-kroatio.hr\/eo\/wp-json\/wp\/v2\/users\/1"}],"replies":[{"embeddable":true,"href":"https:\/\/novo.dec-kroatio.hr\/eo\/wp-json\/wp\/v2\/comments?post=626"}],"version-history":[{"count":3,"href":"https:\/\/novo.dec-kroatio.hr\/eo\/wp-json\/wp\/v2\/posts\/626\/revisions"}],"predecessor-version":[{"id":641,"href":"https:\/\/novo.dec-kroatio.hr\/eo\/wp-json\/wp\/v2\/posts\/626\/revisions\/641"}],"wp:attachment":[{"href":"https:\/\/novo.dec-kroatio.hr\/eo\/wp-json\/wp\/v2\/media?parent=626"}],"wp:term":[{"taxonomy":"category","embeddable":true,"href":"https:\/\/novo.dec-kroatio.hr\/eo\/wp-json\/wp\/v2\/categories?post=626"},{"taxonomy":"post_tag","embeddable":true,"href":"https:\/\/novo.dec-kroatio.hr\/eo\/wp-json\/wp\/v2\/tags?post=626"}],"curies":[{"name":"wp","href":"https:\/\/api.w.org\/{rel}","templated":true}]}}