{"id":600,"date":"2022-06-13T20:12:57","date_gmt":"2022-06-13T20:12:57","guid":{"rendered":"https:\/\/novo.dec-kroatio.hr\/?p=600"},"modified":"2022-06-13T20:14:09","modified_gmt":"2022-06-13T20:14:09","slug":"obnova-spomenploce-casopisa-kroata-esperantisto-u-zagrebu","status":"publish","type":"post","link":"https:\/\/novo.dec-kroatio.hr\/eo\/2022\/06\/13\/obnova-spomenploce-casopisa-kroata-esperantisto-u-zagrebu\/","title":{"rendered":"Renovigo de la memortabulo pri la gazeto Kroata eseprantisto en Zagrebo"},"content":{"rendered":"Preparante Pasporton tra la Zamenhofaj Esperanto-Objektoj, estis konstatite, ke la\nmemortabulo pri la gazeto Kroata sperantisto, kiun en 1989 starigis Zagreba Esperanto-Ligo en Zagrebo \u0109e la Placo de re\u011do Tomislav 21, trovi\u011das en tre malbona stato. Pro tio DEC la 2-an de novembro 2021 skribe kontaktis la Urban instituton por protekto de monumentoj de kulturo kaj\nnaturo, klopodante trovi eblecojn por \u011dia renovigo. La Urba instituto por protekto de monumentoj de kulturo kaj naturo respondis la 5-an de novembro kaj samtage al DEC telefonis la faka\nkonsilistino Ana Vrani\u0107 Rob. La Instituto peris la postulon de DEC pri renovigo de la memortabulo la 12-an de novembro al la Urba oficejo por spaca prizorgo, konstruado de la Urbo, konstrulaboroj,\nkomunalaj aferoj kaj trafiko, kiu estas respondeca pri la laboroj de monumento-renovigoj. Post longa atendado, sinjorino Ana Vrani\u0107 Rob la 21-an de marto 2022 telefone informis DEC-on, ke la memortabulo estas notita en la programo de renovigo, kaj ke \u011di estos resta\u016drita dum estontaj monatoj per financoj de Urbo Zagrebo.","protected":false},"excerpt":{"rendered":"","protected":false},"author":1,"featured_media":0,"comment_status":"open","ping_status":"open","sticky":false,"template":"","format":"standard","meta":[],"categories":[42,24],"tags":[],"_links":{"self":[{"href":"https:\/\/novo.dec-kroatio.hr\/eo\/wp-json\/wp\/v2\/posts\/600"}],"collection":[{"href":"https:\/\/novo.dec-kroatio.hr\/eo\/wp-json\/wp\/v2\/posts"}],"about":[{"href":"https:\/\/novo.dec-kroatio.hr\/eo\/wp-json\/wp\/v2\/types\/post"}],"author":[{"embeddable":true,"href":"https:\/\/novo.dec-kroatio.hr\/eo\/wp-json\/wp\/v2\/users\/1"}],"replies":[{"embeddable":true,"href":"https:\/\/novo.dec-kroatio.hr\/eo\/wp-json\/wp\/v2\/comments?post=600"}],"version-history":[{"count":2,"href":"https:\/\/novo.dec-kroatio.hr\/eo\/wp-json\/wp\/v2\/posts\/600\/revisions"}],"predecessor-version":[{"id":603,"href":"https:\/\/novo.dec-kroatio.hr\/eo\/wp-json\/wp\/v2\/posts\/600\/revisions\/603"}],"wp:attachment":[{"href":"https:\/\/novo.dec-kroatio.hr\/eo\/wp-json\/wp\/v2\/media?parent=600"}],"wp:term":[{"taxonomy":"category","embeddable":true,"href":"https:\/\/novo.dec-kroatio.hr\/eo\/wp-json\/wp\/v2\/categories?post=600"},{"taxonomy":"post_tag","embeddable":true,"href":"https:\/\/novo.dec-kroatio.hr\/eo\/wp-json\/wp\/v2\/tags?post=600"}],"curies":[{"name":"wp","href":"https:\/\/api.w.org\/{rel}","templated":true}]}}