{"id":1502,"date":"2024-06-06T06:05:52","date_gmt":"2024-06-06T06:05:52","guid":{"rendered":"https:\/\/novo.dec-kroatio.hr\/?p=629"},"modified":"2024-06-06T15:22:10","modified_gmt":"2024-06-06T15:22:10","slug":"price-iz-davnine-na-esperantu-predstavljene-u-durdevcu","status":"publish","type":"post","link":"https:\/\/novo.dec-kroatio.hr\/eo\/2024\/06\/06\/price-iz-davnine-na-esperantu-predstavljene-u-durdevcu\/","title":{"rendered":"\u201ePratempaj rakontoj\u201d en Esperantu prezentitaj en \u0110ur\u0111evac"},"content":{"rendered":"<p>Post la prezento de la Esperanta eldono de \u201ePratempaj rakontoj\u201d de Ivana Brli\u0107-Ma\u017eurani\u0107 en la Fabeldomo de Ivana en Ogulin (la 18-an de aprilo) kaj en Rijeka en la Infana domo (la 28-an de septembro, enkadre de la programo Tagoj de Esperanto en nia hejmloko), la libro estis prezentita anka\u016d en la Urba biblioteko de \u0110ur\u0111evac, la 7-an de decembro. En la programo partoprenis la tradukintoj Zdravko Sele\u0161 kaj Josip Pleadin, kaj la ilustra\u0135oj, kiujn pretigis lernantoj de Elementa lernejo \u0110ur\u0111evac sub mentorado de Sanja Flajs Vidakovi\u0107 kaj Zoran Vidakovi\u0107, estis prezentitaj kiel aparta ekspozicieto.&nbsp;<\/p>","protected":false},"excerpt":{"rendered":"","protected":false},"author":1,"featured_media":0,"comment_status":"closed","ping_status":"open","sticky":false,"template":"","format":"standard","meta":[],"categories":[24],"tags":[],"_links":{"self":[{"href":"https:\/\/novo.dec-kroatio.hr\/eo\/wp-json\/wp\/v2\/posts\/1502"}],"collection":[{"href":"https:\/\/novo.dec-kroatio.hr\/eo\/wp-json\/wp\/v2\/posts"}],"about":[{"href":"https:\/\/novo.dec-kroatio.hr\/eo\/wp-json\/wp\/v2\/types\/post"}],"author":[{"embeddable":true,"href":"https:\/\/novo.dec-kroatio.hr\/eo\/wp-json\/wp\/v2\/users\/1"}],"replies":[{"embeddable":true,"href":"https:\/\/novo.dec-kroatio.hr\/eo\/wp-json\/wp\/v2\/comments?post=1502"}],"version-history":[{"count":4,"href":"https:\/\/novo.dec-kroatio.hr\/eo\/wp-json\/wp\/v2\/posts\/1502\/revisions"}],"predecessor-version":[{"id":1506,"href":"https:\/\/novo.dec-kroatio.hr\/eo\/wp-json\/wp\/v2\/posts\/1502\/revisions\/1506"}],"wp:attachment":[{"href":"https:\/\/novo.dec-kroatio.hr\/eo\/wp-json\/wp\/v2\/media?parent=1502"}],"wp:term":[{"taxonomy":"category","embeddable":true,"href":"https:\/\/novo.dec-kroatio.hr\/eo\/wp-json\/wp\/v2\/categories?post=1502"},{"taxonomy":"post_tag","embeddable":true,"href":"https:\/\/novo.dec-kroatio.hr\/eo\/wp-json\/wp\/v2\/tags?post=1502"}],"curies":[{"name":"wp","href":"https:\/\/api.w.org\/{rel}","templated":true}]}}