{"id":1490,"date":"2024-06-06T06:03:52","date_gmt":"2024-06-06T06:03:52","guid":{"rendered":"https:\/\/novo.dec-kroatio.hr\/?p=629"},"modified":"2024-06-06T15:05:12","modified_gmt":"2024-06-06T15:05:12","slug":"grad-hrvatska-kostajnica-odobrio-postavljanje-spomen-ploce-antoniji-jozicic","status":"publish","type":"post","link":"https:\/\/novo.dec-kroatio.hr\/eo\/2024\/06\/06\/grad-hrvatska-kostajnica-odobrio-postavljanje-spomen-ploce-antoniji-jozicic\/","title":{"rendered":"Urbo Hrvatska Kostajnica permesis starigon de memortabulo al Antonija Jozi\u010di\u0107"},"content":{"rendered":"<p>Kiel rezulton de pluraj aktivecoj de kroataj esperantistoj lige al memorigo pri la esperantistino Antonija Jozi\u010di\u0107 (1869-1945) el Hrvatska Kostajnica, kaj aparte kiel respondon rilate la propono de Dokumenta Esperanto-Centro el \u0110ur\u0111evac el septembro 2023, Urbo Hrvatska Kostajnica la 28-an de novembro 2023 akceptis Decidon pri donado de permeso por starigo de memortabulo al Antonija Jozi\u010di\u0107 (KLASO: 612-01\/23-01\/17, REGISTRONUMERO: 2176\/02-01-23-2), kiun subskribis la urbestro Dalibor Bi\u0161\u0107an. Per \u0109i tiu Decido Urbo Hrvatska Kostajnica konsentas financi anka\u016d la produktokostojn de la memortabulo la\u016d la sumo kiun petis DEC.<\/p><br><p><span style=\"white-space: normal;\"><span style=\"white-space:pre\">\t<\/span>Pri \u0109i tiu Decido la 5-an de decembro DEC informis la Konservistan fakon en Sisak, sendante al \u011di anka\u016d \u015dan\u011ditan proponon pri lokigo kaj aspekto de la memortabulo, kiel tion postulis la menciita Konservista fako en sia faka opinio de la 21-a de septembro 2023.<\/span><\/p><br><p><span style=\"white-space: normal;\"><span style=\"white-space:pre\">\t<\/span>La\u016d la interkonsento de kroataj esperantistoj, starigo de la memortabulo estas planata por la 16-a de junio 2024, samtempe kun la dua ekskurso de kroataj esperantistoj al Hrvatska Kostajnica kaj kun prezento de monografio \u201eU\u010diteljica Antonija Jozi\u010di\u0107, 1869.-1945\u201d, por kiu estis faritaj multaj esploroj en la Kroata \u015dtata arkivo kaj \u015ctata arkivo en Zagrebo, \u015ctata arkivo en Slavonski Brod, Historia arkivo en Novi Sad, Historia arkivo de la Diocezo de Po\u017eega kaj \u015ctata arkivo en Sisak.<\/span><\/p>","protected":false},"excerpt":{"rendered":"","protected":false},"author":1,"featured_media":0,"comment_status":"closed","ping_status":"open","sticky":false,"template":"","format":"standard","meta":[],"categories":[24],"tags":[],"_links":{"self":[{"href":"https:\/\/novo.dec-kroatio.hr\/eo\/wp-json\/wp\/v2\/posts\/1490"}],"collection":[{"href":"https:\/\/novo.dec-kroatio.hr\/eo\/wp-json\/wp\/v2\/posts"}],"about":[{"href":"https:\/\/novo.dec-kroatio.hr\/eo\/wp-json\/wp\/v2\/types\/post"}],"author":[{"embeddable":true,"href":"https:\/\/novo.dec-kroatio.hr\/eo\/wp-json\/wp\/v2\/users\/1"}],"replies":[{"embeddable":true,"href":"https:\/\/novo.dec-kroatio.hr\/eo\/wp-json\/wp\/v2\/comments?post=1490"}],"version-history":[{"count":2,"href":"https:\/\/novo.dec-kroatio.hr\/eo\/wp-json\/wp\/v2\/posts\/1490\/revisions"}],"predecessor-version":[{"id":1494,"href":"https:\/\/novo.dec-kroatio.hr\/eo\/wp-json\/wp\/v2\/posts\/1490\/revisions\/1494"}],"wp:attachment":[{"href":"https:\/\/novo.dec-kroatio.hr\/eo\/wp-json\/wp\/v2\/media?parent=1490"}],"wp:term":[{"taxonomy":"category","embeddable":true,"href":"https:\/\/novo.dec-kroatio.hr\/eo\/wp-json\/wp\/v2\/categories?post=1490"},{"taxonomy":"post_tag","embeddable":true,"href":"https:\/\/novo.dec-kroatio.hr\/eo\/wp-json\/wp\/v2\/tags?post=1490"}],"curies":[{"name":"wp","href":"https:\/\/api.w.org\/{rel}","templated":true}]}}