{"id":769,"date":"2023-01-14T06:31:52","date_gmt":"2023-01-14T06:31:52","guid":{"rendered":"https:\/\/novo.dec-kroatio.hr\/?p=629"},"modified":"2023-01-14T17:01:02","modified_gmt":"2023-01-14T17:01:02","slug":"kongres-hrvatskih-esperantista-odrzat-ce-se-u-djurdjevcu","status":"publish","type":"post","link":"http:\/\/novo.dec-kroatio.hr\/hr\/2023\/01\/14\/kongres-hrvatskih-esperantista-odrzat-ce-se-u-djurdjevcu\/","title":{"rendered":"Kongres hrvatskih esperantista odr\u017eat \u0107e se u \u0110ur\u0111evcu"},"content":{"rendered":"\n<p lang=\"en-GB\" align=\"justify\">Uprava Hrvatskog saveza za esperanto na svojoj sjednici odr\u017eanoj 4. prosinca 2022. godine, donijela je odluku o odr\u017eavanju 11. kongresa hrvatskih esperantista u \u0110ur\u0111evcu 2023. godine, prihvativ\u0161i sve prijedloge navedene u kandidaturi Dokumetnacijskog esperantskog centra za organizatora kongresa.<\/p><p lang=\"en-GB\" align=\"justify\"><br><\/p>\n<p lang=\"en-GB\" align=\"justify\">Dokumentacijski eperantski centar donio je odluku da se kongres odr\u017ei od 30. lipnja do 2. srpnja 2023. godine.<\/p>\n\n\n\n<p>Lorem Ipsum has been the industry&#8217;s standard dummy text ever since the 1500s.<\/p>\n\n\n","protected":false},"excerpt":{"rendered":"","protected":false},"author":1,"featured_media":0,"comment_status":"open","ping_status":"open","sticky":false,"template":"","format":"standard","meta":[],"categories":[24],"tags":[],"_links":{"self":[{"href":"http:\/\/novo.dec-kroatio.hr\/hr\/wp-json\/wp\/v2\/posts\/769"}],"collection":[{"href":"http:\/\/novo.dec-kroatio.hr\/hr\/wp-json\/wp\/v2\/posts"}],"about":[{"href":"http:\/\/novo.dec-kroatio.hr\/hr\/wp-json\/wp\/v2\/types\/post"}],"author":[{"embeddable":true,"href":"http:\/\/novo.dec-kroatio.hr\/hr\/wp-json\/wp\/v2\/users\/1"}],"replies":[{"embeddable":true,"href":"http:\/\/novo.dec-kroatio.hr\/hr\/wp-json\/wp\/v2\/comments?post=769"}],"version-history":[{"count":5,"href":"http:\/\/novo.dec-kroatio.hr\/hr\/wp-json\/wp\/v2\/posts\/769\/revisions"}],"predecessor-version":[{"id":776,"href":"http:\/\/novo.dec-kroatio.hr\/hr\/wp-json\/wp\/v2\/posts\/769\/revisions\/776"}],"wp:attachment":[{"href":"http:\/\/novo.dec-kroatio.hr\/hr\/wp-json\/wp\/v2\/media?parent=769"}],"wp:term":[{"taxonomy":"category","embeddable":true,"href":"http:\/\/novo.dec-kroatio.hr\/hr\/wp-json\/wp\/v2\/categories?post=769"},{"taxonomy":"post_tag","embeddable":true,"href":"http:\/\/novo.dec-kroatio.hr\/hr\/wp-json\/wp\/v2\/tags?post=769"}],"curies":[{"name":"wp","href":"https:\/\/api.w.org\/{rel}","templated":true}]}}